{"id":2574,"date":"2020-07-21T10:16:45","date_gmt":"2020-07-21T10:16:45","guid":{"rendered":"https:\/\/stockholm83.qodeinteractive.com\/?p=1"},"modified":"2021-03-31T10:42:13","modified_gmt":"2021-03-31T08:42:13","slug":"hello-world","status":"publish","type":"post","link":"https:\/\/juedisches-dortmund.de\/en\/blog\/2020\/07\/21\/hello-world\/","title":{"rendered":"Dortmund Westpark"},"content":{"rendered":"\t\t<div data-elementor-type=\"wp-post\" data-elementor-id=\"2574\" class=\"elementor elementor-2574\">\n\t\t\t\t\t\t<section class=\"elementor-section elementor-top-section elementor-element elementor-element-267dd703 elementor-section-boxed elementor-section-height-default elementor-section-height-default\" data-id=\"267dd703\" data-element_type=\"section\" data-e-type=\"section\">\n\t\t\t\t\t\t<div class=\"elementor-container elementor-column-gap-default\">\n\t\t\t\t\t<div class=\"elementor-column elementor-col-100 elementor-top-column elementor-element elementor-element-1221e106\" data-id=\"1221e106\" data-element_type=\"column\" data-e-type=\"column\">\n\t\t\t<div class=\"elementor-widget-wrap elementor-element-populated\">\n\t\t\t\t\t\t<div class=\"elementor-element elementor-element-5416898a elementor-widget elementor-widget-text-editor\" data-id=\"5416898a\" data-element_type=\"widget\" data-e-type=\"widget\" data-widget_type=\"text-editor.default\">\n\t\t\t\t<div class=\"elementor-widget-container\">\n\t\t\t\t\t\t\t\t\t\n<p>Das neugestaltete j\u00fcdische Grabmal im Dortmunder Westpark wurde jetzt feierlich \u00fcbergeben.<\/p>\n\n<p>Der J\u00fcdische Friedhof wurde 1815 gegr\u00fcndet<\/p>\n\n<p>Am nord\u00f6stlichen Eingang an der Langen Stra\u00dfe ragt ein schwarzer Stein mit hebr\u00e4ischer Inschrift aus einem Davidsstern im Pflaster.<br \/>Der Stein erinnert an den j\u00fcdischen Friedhof, der an dieser Stelle seit 1815 existierte und in der Zeit des National-sozialismus zerst\u00f6rt worden ist.<br \/>Die Erinnerungsst\u00e4tte ist mit Mitteln der Bezirksvertretung Innenstadt-West realisiert worden und geht auf die Initiative drei ehemaliger Sch\u00fclerinnen der AG Courage des Reinoldus-Schiller-Gymnasiums zur\u00fcck.<br \/>Marie und Paula L\u00f6hring sowie Edina Pelke haben 2014 ihre Entw\u00fcrfe f\u00fcr die Neugestaltung des Grabmals vorgestellt und stie\u00dfen auf Zustimmung sowohl der Bezirksvertretung und der J\u00fcdischen Gemeinde Dortmund. Zur Einweihung erklang der Klagegesang des Kantor der J\u00fcdischen Gemeinde.<\/p>\n\t\t\t\t\t\t\t\t<\/div>\n\t\t\t\t<\/div>\n\t\t\t\t\t<\/div>\n\t\t<\/div>\n\t\t\t\t\t<\/div>\n\t\t<\/section>\n\t\t\t\t<\/div>\n\t\t","protected":false},"excerpt":{"rendered":"<p>Das neugestaltete j\u00fcdische Grabmal im Dortmunder Westpark wurde jetzt feierlich \u00fcbergeben. Der J\u00fcdische Friedhof wurde 1815 gegr\u00fcndet Am nord\u00f6stlichen Eingang an der Langen Stra\u00dfe ragt ein schwarzer Stein mit hebr\u00e4ischer Inschrift aus einem Davidsstern im Pflaster. Der Stein erinnert an den j\u00fcdischen Friedhof, der an dieser Stelle seit 1815 existierte und in der Zeit des [&hellip;]<\/p>\n","protected":false},"author":2,"featured_media":2720,"comment_status":"open","ping_status":"open","sticky":false,"template":"","format":"standard","meta":{"inline_featured_image":false,"site-sidebar-layout":"default","site-content-layout":"","ast-site-content-layout":"default","site-content-style":"default","site-sidebar-style":"default","ast-global-header-display":"","ast-banner-title-visibility":"","ast-main-header-display":"","ast-hfb-above-header-display":"","ast-hfb-below-header-display":"","ast-hfb-mobile-header-display":"","site-post-title":"","ast-breadcrumbs-content":"","ast-featured-img":"","footer-sml-layout":"","ast-disable-related-posts":"","theme-transparent-header-meta":"","adv-header-id-meta":"","stick-header-meta":"","header-above-stick-meta":"","header-main-stick-meta":"","header-below-stick-meta":"","astra-migrate-meta-layouts":"default","ast-page-background-enabled":"default","ast-page-background-meta":{"desktop":{"background-color":"","background-image":"","background-repeat":"repeat","background-position":"center center","background-size":"auto","background-attachment":"scroll","background-type":"","background-media":"","overlay-type":"","overlay-color":"","overlay-opacity":"","overlay-gradient":""},"tablet":{"background-color":"","background-image":"","background-repeat":"repeat","background-position":"center center","background-size":"auto","background-attachment":"scroll","background-type":"","background-media":"","overlay-type":"","overlay-color":"","overlay-opacity":"","overlay-gradient":""},"mobile":{"background-color":"","background-image":"","background-repeat":"repeat","background-position":"center center","background-size":"auto","background-attachment":"scroll","background-type":"","background-media":"","overlay-type":"","overlay-color":"","overlay-opacity":"","overlay-gradient":""}},"ast-content-background-meta":{"desktop":{"background-color":"var(--ast-global-color-5)","background-image":"","background-repeat":"repeat","background-position":"center center","background-size":"auto","background-attachment":"scroll","background-type":"","background-media":"","overlay-type":"","overlay-color":"","overlay-opacity":"","overlay-gradient":""},"tablet":{"background-color":"var(--ast-global-color-5)","background-image":"","background-repeat":"repeat","background-position":"center center","background-size":"auto","background-attachment":"scroll","background-type":"","background-media":"","overlay-type":"","overlay-color":"","overlay-opacity":"","overlay-gradient":""},"mobile":{"background-color":"var(--ast-global-color-5)","background-image":"","background-repeat":"repeat","background-position":"center center","background-size":"auto","background-attachment":"scroll","background-type":"","background-media":"","overlay-type":"","overlay-color":"","overlay-opacity":"","overlay-gradient":""}},"footnotes":""},"categories":[1],"tags":[],"class_list":["post-2574","post","type-post","status-publish","format-standard","has-post-thumbnail","hentry","category-uncategorized"],"yoast_head":"<!-- This site is optimized with the Yoast SEO plugin v27.2 - https:\/\/yoast.com\/product\/yoast-seo-wordpress\/ -->\n<title>Dortmund Westpark - J\u00fcdisches Dortmund | english<\/title>\n<meta name=\"robots\" content=\"index, follow, max-snippet:-1, max-image-preview:large, max-video-preview:-1\" \/>\n<link rel=\"canonical\" href=\"https:\/\/juedisches-dortmund.de\/en\/blog\/2020\/07\/21\/hello-world\/\" \/>\n<meta property=\"og:locale\" content=\"de_DE\" \/>\n<meta property=\"og:type\" content=\"article\" \/>\n<meta property=\"og:title\" content=\"Dortmund Westpark - J\u00fcdisches Dortmund | english\" \/>\n<meta property=\"og:description\" content=\"Das neugestaltete j\u00fcdische Grabmal im Dortmunder Westpark wurde jetzt feierlich \u00fcbergeben. Der J\u00fcdische Friedhof wurde 1815 gegr\u00fcndet Am nord\u00f6stlichen Eingang an der Langen Stra\u00dfe ragt ein schwarzer Stein mit hebr\u00e4ischer Inschrift aus einem Davidsstern im Pflaster. Der Stein erinnert an den j\u00fcdischen Friedhof, der an dieser Stelle seit 1815 existierte und in der Zeit des [&hellip;]\" \/>\n<meta property=\"og:url\" content=\"https:\/\/juedisches-dortmund.de\/en\/blog\/2020\/07\/21\/hello-world\/\" \/>\n<meta property=\"og:site_name\" content=\"J\u00fcdisches Dortmund | english\" \/>\n<meta property=\"article:published_time\" content=\"2020-07-21T10:16:45+00:00\" \/>\n<meta property=\"article:modified_time\" content=\"2021-03-31T08:42:13+00:00\" \/>\n<meta property=\"og:image\" content=\"https:\/\/juedisches-dortmund.de\/en\/wp-content\/uploads\/sites\/5\/2020\/07\/Gedenkstein01-klausHartmann-nordstadtblogger.jpg\" \/>\n\t<meta property=\"og:image:width\" content=\"980\" \/>\n\t<meta property=\"og:image:height\" content=\"709\" \/>\n\t<meta property=\"og:image:type\" content=\"image\/jpeg\" \/>\n<meta name=\"author\" content=\"gokli21k4projektraum\" \/>\n<meta name=\"twitter:card\" content=\"summary_large_image\" \/>\n<meta name=\"twitter:label1\" content=\"Verfasst von\" \/>\n\t<meta name=\"twitter:data1\" content=\"gokli21k4projektraum\" \/>\n\t<meta name=\"twitter:label2\" content=\"Gesch\u00e4tzte Lesezeit\" \/>\n\t<meta name=\"twitter:data2\" content=\"1\u00a0Minute\" \/>\n<script type=\"application\/ld+json\" class=\"yoast-schema-graph\">{\"@context\":\"https:\/\/schema.org\",\"@graph\":[{\"@type\":\"Article\",\"@id\":\"https:\/\/juedisches-dortmund.de\/en\/blog\/2020\/07\/21\/hello-world\/#article\",\"isPartOf\":{\"@id\":\"https:\/\/juedisches-dortmund.de\/en\/blog\/2020\/07\/21\/hello-world\/\"},\"author\":{\"name\":\"gokli21k4projektraum\",\"@id\":\"https:\/\/juedisches-dortmund.de\/en\/#\/schema\/person\/36fc246f70e293df3e39e2e63672ca27\"},\"headline\":\"Dortmund Westpark\",\"datePublished\":\"2020-07-21T10:16:45+00:00\",\"dateModified\":\"2021-03-31T08:42:13+00:00\",\"mainEntityOfPage\":{\"@id\":\"https:\/\/juedisches-dortmund.de\/en\/blog\/2020\/07\/21\/hello-world\/\"},\"wordCount\":138,\"commentCount\":1,\"publisher\":{\"@id\":\"https:\/\/juedisches-dortmund.de\/en\/#organization\"},\"image\":{\"@id\":\"https:\/\/juedisches-dortmund.de\/en\/blog\/2020\/07\/21\/hello-world\/#primaryimage\"},\"thumbnailUrl\":\"https:\/\/juedisches-dortmund.de\/en\/wp-content\/uploads\/sites\/5\/2020\/07\/Gedenkstein01-klausHartmann-nordstadtblogger.jpg\",\"articleSection\":[\"Uncategorized\"],\"inLanguage\":\"de\",\"potentialAction\":[{\"@type\":\"CommentAction\",\"name\":\"Comment\",\"target\":[\"https:\/\/juedisches-dortmund.de\/en\/blog\/2020\/07\/21\/hello-world\/#respond\"]}]},{\"@type\":\"WebPage\",\"@id\":\"https:\/\/juedisches-dortmund.de\/en\/blog\/2020\/07\/21\/hello-world\/\",\"url\":\"https:\/\/juedisches-dortmund.de\/en\/blog\/2020\/07\/21\/hello-world\/\",\"name\":\"Dortmund Westpark - J\u00fcdisches Dortmund | english\",\"isPartOf\":{\"@id\":\"https:\/\/juedisches-dortmund.de\/en\/#website\"},\"primaryImageOfPage\":{\"@id\":\"https:\/\/juedisches-dortmund.de\/en\/blog\/2020\/07\/21\/hello-world\/#primaryimage\"},\"image\":{\"@id\":\"https:\/\/juedisches-dortmund.de\/en\/blog\/2020\/07\/21\/hello-world\/#primaryimage\"},\"thumbnailUrl\":\"https:\/\/juedisches-dortmund.de\/en\/wp-content\/uploads\/sites\/5\/2020\/07\/Gedenkstein01-klausHartmann-nordstadtblogger.jpg\",\"datePublished\":\"2020-07-21T10:16:45+00:00\",\"dateModified\":\"2021-03-31T08:42:13+00:00\",\"breadcrumb\":{\"@id\":\"https:\/\/juedisches-dortmund.de\/en\/blog\/2020\/07\/21\/hello-world\/#breadcrumb\"},\"inLanguage\":\"de\",\"potentialAction\":[{\"@type\":\"ReadAction\",\"target\":[\"https:\/\/juedisches-dortmund.de\/en\/blog\/2020\/07\/21\/hello-world\/\"]}]},{\"@type\":\"ImageObject\",\"inLanguage\":\"de\",\"@id\":\"https:\/\/juedisches-dortmund.de\/en\/blog\/2020\/07\/21\/hello-world\/#primaryimage\",\"url\":\"https:\/\/juedisches-dortmund.de\/en\/wp-content\/uploads\/sites\/5\/2020\/07\/Gedenkstein01-klausHartmann-nordstadtblogger.jpg\",\"contentUrl\":\"https:\/\/juedisches-dortmund.de\/en\/wp-content\/uploads\/sites\/5\/2020\/07\/Gedenkstein01-klausHartmann-nordstadtblogger.jpg\",\"width\":980,\"height\":709},{\"@type\":\"BreadcrumbList\",\"@id\":\"https:\/\/juedisches-dortmund.de\/en\/blog\/2020\/07\/21\/hello-world\/#breadcrumb\",\"itemListElement\":[{\"@type\":\"ListItem\",\"position\":1,\"name\":\"Startseite\",\"item\":\"https:\/\/juedisches-dortmund.de\/en\/\"},{\"@type\":\"ListItem\",\"position\":2,\"name\":\"Dortmund Westpark\"}]},{\"@type\":\"WebSite\",\"@id\":\"https:\/\/juedisches-dortmund.de\/en\/#website\",\"url\":\"https:\/\/juedisches-dortmund.de\/en\/\",\"name\":\"J\u00fcdisches Dortmund | english\",\"description\":\"\",\"publisher\":{\"@id\":\"https:\/\/juedisches-dortmund.de\/en\/#organization\"},\"potentialAction\":[{\"@type\":\"SearchAction\",\"target\":{\"@type\":\"EntryPoint\",\"urlTemplate\":\"https:\/\/juedisches-dortmund.de\/en\/?s={search_term_string}\"},\"query-input\":{\"@type\":\"PropertyValueSpecification\",\"valueRequired\":true,\"valueName\":\"search_term_string\"}}],\"inLanguage\":\"de\"},{\"@type\":\"Organization\",\"@id\":\"https:\/\/juedisches-dortmund.de\/en\/#organization\",\"name\":\"J\u00fcdisches Dortmund | english\",\"url\":\"https:\/\/juedisches-dortmund.de\/en\/\",\"logo\":{\"@type\":\"ImageObject\",\"inLanguage\":\"de\",\"@id\":\"https:\/\/juedisches-dortmund.de\/en\/#\/schema\/logo\/image\/\",\"url\":\"https:\/\/juedisches-dortmund.de\/en\/wp-content\/uploads\/sites\/5\/2021\/03\/cropped-logo-height240.png\",\"contentUrl\":\"https:\/\/juedisches-dortmund.de\/en\/wp-content\/uploads\/sites\/5\/2021\/03\/cropped-logo-height240.png\",\"width\":419,\"height\":240,\"caption\":\"J\u00fcdisches Dortmund | english\"},\"image\":{\"@id\":\"https:\/\/juedisches-dortmund.de\/en\/#\/schema\/logo\/image\/\"}},{\"@type\":\"Person\",\"@id\":\"https:\/\/juedisches-dortmund.de\/en\/#\/schema\/person\/36fc246f70e293df3e39e2e63672ca27\",\"name\":\"gokli21k4projektraum\",\"url\":\"https:\/\/juedisches-dortmund.de\/en\/blog\/author\/gokli21k4projektraum\/\"}]}<\/script>\n<!-- \/ Yoast SEO plugin. -->","yoast_head_json":{"title":"Dortmund Westpark - J\u00fcdisches Dortmund | english","robots":{"index":"index","follow":"follow","max-snippet":"max-snippet:-1","max-image-preview":"max-image-preview:large","max-video-preview":"max-video-preview:-1"},"canonical":"https:\/\/juedisches-dortmund.de\/en\/blog\/2020\/07\/21\/hello-world\/","og_locale":"de_DE","og_type":"article","og_title":"Dortmund Westpark - J\u00fcdisches Dortmund | english","og_description":"Das neugestaltete j\u00fcdische Grabmal im Dortmunder Westpark wurde jetzt feierlich \u00fcbergeben. Der J\u00fcdische Friedhof wurde 1815 gegr\u00fcndet Am nord\u00f6stlichen Eingang an der Langen Stra\u00dfe ragt ein schwarzer Stein mit hebr\u00e4ischer Inschrift aus einem Davidsstern im Pflaster. Der Stein erinnert an den j\u00fcdischen Friedhof, der an dieser Stelle seit 1815 existierte und in der Zeit des [&hellip;]","og_url":"https:\/\/juedisches-dortmund.de\/en\/blog\/2020\/07\/21\/hello-world\/","og_site_name":"J\u00fcdisches Dortmund | english","article_published_time":"2020-07-21T10:16:45+00:00","article_modified_time":"2021-03-31T08:42:13+00:00","og_image":[{"width":980,"height":709,"url":"https:\/\/juedisches-dortmund.de\/en\/wp-content\/uploads\/sites\/5\/2020\/07\/Gedenkstein01-klausHartmann-nordstadtblogger.jpg","type":"image\/jpeg"}],"author":"gokli21k4projektraum","twitter_card":"summary_large_image","twitter_misc":{"Verfasst von":"gokli21k4projektraum","Gesch\u00e4tzte Lesezeit":"1\u00a0Minute"},"schema":{"@context":"https:\/\/schema.org","@graph":[{"@type":"Article","@id":"https:\/\/juedisches-dortmund.de\/en\/blog\/2020\/07\/21\/hello-world\/#article","isPartOf":{"@id":"https:\/\/juedisches-dortmund.de\/en\/blog\/2020\/07\/21\/hello-world\/"},"author":{"name":"gokli21k4projektraum","@id":"https:\/\/juedisches-dortmund.de\/en\/#\/schema\/person\/36fc246f70e293df3e39e2e63672ca27"},"headline":"Dortmund Westpark","datePublished":"2020-07-21T10:16:45+00:00","dateModified":"2021-03-31T08:42:13+00:00","mainEntityOfPage":{"@id":"https:\/\/juedisches-dortmund.de\/en\/blog\/2020\/07\/21\/hello-world\/"},"wordCount":138,"commentCount":1,"publisher":{"@id":"https:\/\/juedisches-dortmund.de\/en\/#organization"},"image":{"@id":"https:\/\/juedisches-dortmund.de\/en\/blog\/2020\/07\/21\/hello-world\/#primaryimage"},"thumbnailUrl":"https:\/\/juedisches-dortmund.de\/en\/wp-content\/uploads\/sites\/5\/2020\/07\/Gedenkstein01-klausHartmann-nordstadtblogger.jpg","articleSection":["Uncategorized"],"inLanguage":"de","potentialAction":[{"@type":"CommentAction","name":"Comment","target":["https:\/\/juedisches-dortmund.de\/en\/blog\/2020\/07\/21\/hello-world\/#respond"]}]},{"@type":"WebPage","@id":"https:\/\/juedisches-dortmund.de\/en\/blog\/2020\/07\/21\/hello-world\/","url":"https:\/\/juedisches-dortmund.de\/en\/blog\/2020\/07\/21\/hello-world\/","name":"Dortmund Westpark - J\u00fcdisches Dortmund | english","isPartOf":{"@id":"https:\/\/juedisches-dortmund.de\/en\/#website"},"primaryImageOfPage":{"@id":"https:\/\/juedisches-dortmund.de\/en\/blog\/2020\/07\/21\/hello-world\/#primaryimage"},"image":{"@id":"https:\/\/juedisches-dortmund.de\/en\/blog\/2020\/07\/21\/hello-world\/#primaryimage"},"thumbnailUrl":"https:\/\/juedisches-dortmund.de\/en\/wp-content\/uploads\/sites\/5\/2020\/07\/Gedenkstein01-klausHartmann-nordstadtblogger.jpg","datePublished":"2020-07-21T10:16:45+00:00","dateModified":"2021-03-31T08:42:13+00:00","breadcrumb":{"@id":"https:\/\/juedisches-dortmund.de\/en\/blog\/2020\/07\/21\/hello-world\/#breadcrumb"},"inLanguage":"de","potentialAction":[{"@type":"ReadAction","target":["https:\/\/juedisches-dortmund.de\/en\/blog\/2020\/07\/21\/hello-world\/"]}]},{"@type":"ImageObject","inLanguage":"de","@id":"https:\/\/juedisches-dortmund.de\/en\/blog\/2020\/07\/21\/hello-world\/#primaryimage","url":"https:\/\/juedisches-dortmund.de\/en\/wp-content\/uploads\/sites\/5\/2020\/07\/Gedenkstein01-klausHartmann-nordstadtblogger.jpg","contentUrl":"https:\/\/juedisches-dortmund.de\/en\/wp-content\/uploads\/sites\/5\/2020\/07\/Gedenkstein01-klausHartmann-nordstadtblogger.jpg","width":980,"height":709},{"@type":"BreadcrumbList","@id":"https:\/\/juedisches-dortmund.de\/en\/blog\/2020\/07\/21\/hello-world\/#breadcrumb","itemListElement":[{"@type":"ListItem","position":1,"name":"Startseite","item":"https:\/\/juedisches-dortmund.de\/en\/"},{"@type":"ListItem","position":2,"name":"Dortmund Westpark"}]},{"@type":"WebSite","@id":"https:\/\/juedisches-dortmund.de\/en\/#website","url":"https:\/\/juedisches-dortmund.de\/en\/","name":"J\u00fcdisches Dortmund | english","description":"","publisher":{"@id":"https:\/\/juedisches-dortmund.de\/en\/#organization"},"potentialAction":[{"@type":"SearchAction","target":{"@type":"EntryPoint","urlTemplate":"https:\/\/juedisches-dortmund.de\/en\/?s={search_term_string}"},"query-input":{"@type":"PropertyValueSpecification","valueRequired":true,"valueName":"search_term_string"}}],"inLanguage":"de"},{"@type":"Organization","@id":"https:\/\/juedisches-dortmund.de\/en\/#organization","name":"J\u00fcdisches Dortmund | english","url":"https:\/\/juedisches-dortmund.de\/en\/","logo":{"@type":"ImageObject","inLanguage":"de","@id":"https:\/\/juedisches-dortmund.de\/en\/#\/schema\/logo\/image\/","url":"https:\/\/juedisches-dortmund.de\/en\/wp-content\/uploads\/sites\/5\/2021\/03\/cropped-logo-height240.png","contentUrl":"https:\/\/juedisches-dortmund.de\/en\/wp-content\/uploads\/sites\/5\/2021\/03\/cropped-logo-height240.png","width":419,"height":240,"caption":"J\u00fcdisches Dortmund | english"},"image":{"@id":"https:\/\/juedisches-dortmund.de\/en\/#\/schema\/logo\/image\/"}},{"@type":"Person","@id":"https:\/\/juedisches-dortmund.de\/en\/#\/schema\/person\/36fc246f70e293df3e39e2e63672ca27","name":"gokli21k4projektraum","url":"https:\/\/juedisches-dortmund.de\/en\/blog\/author\/gokli21k4projektraum\/"}]}},"_links":{"self":[{"href":"https:\/\/juedisches-dortmund.de\/en\/wp-json\/wp\/v2\/posts\/2574","targetHints":{"allow":["GET"]}}],"collection":[{"href":"https:\/\/juedisches-dortmund.de\/en\/wp-json\/wp\/v2\/posts"}],"about":[{"href":"https:\/\/juedisches-dortmund.de\/en\/wp-json\/wp\/v2\/types\/post"}],"author":[{"embeddable":true,"href":"https:\/\/juedisches-dortmund.de\/en\/wp-json\/wp\/v2\/users\/2"}],"replies":[{"embeddable":true,"href":"https:\/\/juedisches-dortmund.de\/en\/wp-json\/wp\/v2\/comments?post=2574"}],"version-history":[{"count":8,"href":"https:\/\/juedisches-dortmund.de\/en\/wp-json\/wp\/v2\/posts\/2574\/revisions"}],"predecessor-version":[{"id":3278,"href":"https:\/\/juedisches-dortmund.de\/en\/wp-json\/wp\/v2\/posts\/2574\/revisions\/3278"}],"wp:featuredmedia":[{"embeddable":true,"href":"https:\/\/juedisches-dortmund.de\/en\/wp-json\/wp\/v2\/media\/2720"}],"wp:attachment":[{"href":"https:\/\/juedisches-dortmund.de\/en\/wp-json\/wp\/v2\/media?parent=2574"}],"wp:term":[{"taxonomy":"category","embeddable":true,"href":"https:\/\/juedisches-dortmund.de\/en\/wp-json\/wp\/v2\/categories?post=2574"},{"taxonomy":"post_tag","embeddable":true,"href":"https:\/\/juedisches-dortmund.de\/en\/wp-json\/wp\/v2\/tags?post=2574"}],"curies":[{"name":"wp","href":"https:\/\/api.w.org\/{rel}","templated":true}]}}